{"id":114,"date":"2019-10-03T16:54:53","date_gmt":"2019-10-03T16:54:53","guid":{"rendered":"https:\/\/franciscobruna.com\/v1\/?p=114"},"modified":"2019-10-03T16:55:07","modified_gmt":"2019-10-03T16:55:07","slug":"podria-ser-peor","status":"publish","type":"post","link":"https:\/\/franciscobruna.com\/v1\/textos\/podria-ser-peor\/","title":{"rendered":"Podr\u00eda ser peor"},"content":{"rendered":"\n<p>Esta exposici\u00f3n re\u00fane una serie de pinturas que desde el\na\u00f1o 2013 Bruna ha desarrollado a la fecha. En ellas, plantea un acercamiento a\nlas im\u00e1genes circulantes de medios como Internet y de prensa como portadoras de\nuna violencia silenciosa, no solo en la evidencia de su contenido, si no\ntambi\u00e9n en la fugacidad de sus presencias.<\/p>\n\n\n\n<p>Ya es sabido que en un mundo hipermediatizado como el de\nhoy, las im\u00e1genes representan un potencial poder, capaz de transportar\npensamientos, acciones y levantar problem\u00e1ticas tanto sociales, culturales y\npol\u00edticas. En este sentido, \u201cPodr\u00eda ser peor\u201d es una puesta a prueba a ese\nsilencio perturbador de la noticia desde la pintura, especulando: \u00bfQu\u00e9 es lo\nque ser\u00eda peor?, \u00bfsu representaci\u00f3n, en el sentido mat\u00e9rico y gestual (el\noficio pict\u00f3rico)? o \u00bfla \u201cverdad\u201d del texto, ocultado y suplantado por el de la\nimagen (el acontecimiento)?. El t\u00edtulo en este caso deja abierto este\nintersticio, justamente como met\u00e1fora de la violencia soterrada de los medios\npero por otra parte como evidencia conformista de la cultura contempor\u00e1nea o\n\u201cquedarse sin hacer nada\u201d.<\/p>\n\n\n\n<p>Al no haber referencias que connoten, la ausencia pasa a\nser presencia pict\u00f3rica, a revelarse por si sola, obligando al espectador a\nrepensar o refrescar la memoria del acontecimiento, mientras que la\nrepresentaci\u00f3n de la imagen descarnada por el \u00f3leo en sinuosas siluetas,\nrostros borroneados, construcciones y elementos incendi\u00e1ndose se transforman en\nportadoras de su propia materialidad.<\/p>\n\n\n\n<p>En este juego de mentiras y verdades, de presencias y\nausencias es donde encontramos la pintura, no porque en ella est\u00e1 impl\u00edcita la\nverdad, si no porque su propia maleabilidad la hace estar en ese limbo,\ndesnudando y poniendo a prueba a las im\u00e1genes y a ella misma.<\/p>\n","protected":false},"excerpt":{"rendered":"<p>Esta exposici\u00f3n re\u00fane una serie de pinturas que desde el a\u00f1o 2013 Bruna ha desarrollado a la fecha. En ellas, plantea un acercamiento a las im\u00e1genes circulantes de medios como Internet y de prensa como portadoras de una violencia silenciosa, no solo en la evidencia de su contenido, si no tambi\u00e9n en la fugacidad de [&hellip;]<\/p>\n","protected":false},"author":1,"featured_media":0,"comment_status":"closed","ping_status":"open","sticky":false,"template":"","format":"standard","meta":{"_acf_changed":false,"footnotes":""},"categories":[5],"tags":[],"class_list":["post-114","post","type-post","status-publish","format-standard","hentry","category-textos"],"acf":[],"_links":{"self":[{"href":"https:\/\/franciscobruna.com\/v1\/wp-json\/wp\/v2\/posts\/114","targetHints":{"allow":["GET"]}}],"collection":[{"href":"https:\/\/franciscobruna.com\/v1\/wp-json\/wp\/v2\/posts"}],"about":[{"href":"https:\/\/franciscobruna.com\/v1\/wp-json\/wp\/v2\/types\/post"}],"author":[{"embeddable":true,"href":"https:\/\/franciscobruna.com\/v1\/wp-json\/wp\/v2\/users\/1"}],"replies":[{"embeddable":true,"href":"https:\/\/franciscobruna.com\/v1\/wp-json\/wp\/v2\/comments?post=114"}],"version-history":[{"count":4,"href":"https:\/\/franciscobruna.com\/v1\/wp-json\/wp\/v2\/posts\/114\/revisions"}],"predecessor-version":[{"id":125,"href":"https:\/\/franciscobruna.com\/v1\/wp-json\/wp\/v2\/posts\/114\/revisions\/125"}],"wp:attachment":[{"href":"https:\/\/franciscobruna.com\/v1\/wp-json\/wp\/v2\/media?parent=114"}],"wp:term":[{"taxonomy":"category","embeddable":true,"href":"https:\/\/franciscobruna.com\/v1\/wp-json\/wp\/v2\/categories?post=114"},{"taxonomy":"post_tag","embeddable":true,"href":"https:\/\/franciscobruna.com\/v1\/wp-json\/wp\/v2\/tags?post=114"}],"curies":[{"name":"wp","href":"https:\/\/api.w.org\/{rel}","templated":true}]}}